{"id":17060,"date":"2024-08-07T09:11:48","date_gmt":"2024-08-07T09:11:48","guid":{"rendered":"https:\/\/www.schwarz.it\/?p=17060"},"modified":"2024-08-08T09:36:55","modified_gmt":"2024-08-08T09:36:55","slug":"ristrutturazione-del-capannone-e-iniziata","status":"publish","type":"post","link":"https:\/\/www.schwarz.it\/it\/ristrutturazione-del-capannone-e-iniziata\/","title":{"rendered":"La ristrutturazione del nostro capannone \u00e9 iniziata!"},"content":{"rendered":"\t\t<div data-elementor-type=\"wp-post\" data-elementor-id=\"17060\" class=\"elementor elementor-17060 elementor-17059\">\n\t\t\t\t\t\t<div class=\"elementor-inner\">\n\t\t\t\t<div class=\"elementor-section-wrap\">\n\t\t\t\t\t\t\t\t\t<section class=\"ob-is-breaking-bad elementor-section elementor-top-section elementor-element elementor-element-490f4ee9 elementor-section-boxed elementor-section-height-default elementor-section-height-default\" data-id=\"490f4ee9\" data-element_type=\"section\" data-settings=\"{&quot;_ob_bbad_use_it&quot;:&quot;yes&quot;,&quot;_ob_bbad_sssic_use&quot;:&quot;no&quot;,&quot;_ob_glider_is_slider&quot;:&quot;no&quot;}\">\n\t\t\t\t\t\t<div class=\"elementor-container elementor-column-gap-default\">\n\t\t\t\t\t\t\t<div class=\"elementor-row\">\n\t\t\t\t\t<div class=\"elementor-column elementor-col-100 elementor-top-column elementor-element elementor-element-2ad92283\" data-id=\"2ad92283\" data-element_type=\"column\" data-settings=\"{&quot;_ob_bbad_is_stalker&quot;:&quot;no&quot;,&quot;_ob_teleporter_use&quot;:false,&quot;_ob_column_hoveranimator&quot;:&quot;no&quot;,&quot;_ob_column_has_pseudo&quot;:&quot;no&quot;}\">\n\t\t\t<div class=\"elementor-column-wrap elementor-element-populated\">\n\t\t\t\t\t\t\t<div class=\"elementor-widget-wrap\">\n\t\t\t\t\t\t<div class=\"elementor-element elementor-element-5b302282 ob-harakiri-inherit ob-has-background-overlay elementor-widget elementor-widget-text-editor\" data-id=\"5b302282\" data-element_type=\"widget\" data-settings=\"{&quot;_ob_use_harakiri&quot;:&quot;yes&quot;,&quot;_ob_harakiri_writing_mode&quot;:&quot;inherit&quot;,&quot;_ob_postman_use&quot;:&quot;no&quot;,&quot;_ob_perspektive_use&quot;:&quot;no&quot;,&quot;_ob_poopart_use&quot;:&quot;yes&quot;,&quot;_ob_shadough_use&quot;:&quot;no&quot;,&quot;_ob_allow_hoveranimator&quot;:&quot;no&quot;,&quot;_ob_widget_stalker_use&quot;:&quot;no&quot;}\" data-widget_type=\"text-editor.default\">\n\t\t\t\t<div class=\"elementor-widget-container\">\n\t\t\t\t\t\t\t\t<div class=\"elementor-text-editor elementor-clearfix\">\n\t\t\t\t<p>\u00a0<\/p><p>Con grande gioia annunciamo che \u00e8 iniziato lo scavo per il rinnovo del nostro capannone! Questo evento segna l&#8217;inizio di un nuovo ed entusiasmante capitolo per la nostra azienda.<\/p><p>Abbiamo deciso di intraprendere una completa ristrutturazione e ampliamento del nostro capannone produttivo. Questo richiede la demolizione di una parte della vecchia struttura ed il collegamento alla parte nuova e alla casa privata del fondatore Albin Schwarz. Inoltre, una parte del capannone sar\u00e0 resa sotterranea per creare spazio aggiuntivo.<\/p><p>Obiettivi della ristrutturazione:<\/p><ul><li>Creazione di ulteriori spazi produttivi e di stoccaggio<\/li><li>Modernizzazione della sala di assemblaggio finale con innalzamento del soffitto e rinnovo del pavimento<\/li><li>Espansione della linea di produzione pi\u00f9 grande per le mini roulotte BLACKCAMP, aumentando la capacit\u00e0 fino a 60 unit\u00e0<\/li><li>Creazione di spazi di stoccaggio coperti per le nostre macchine forestali<\/li><li>Realizzazione di un&#8217;infrastruttura sostenibile ed efficiente<br \/><br \/><\/li><\/ul><p>Siamo molto entusiasti di questo progetto e non vediamo l&#8217;ora di inaugurare il nuovo capannone.<\/p><p>Seguiteci per aggiornamenti regolari e condividete con noi l&#8217;entusiasmo per le nuove opportunit\u00e0 che questa ristrutturazione porter\u00e0!<\/p>\t\t\t\t\t<\/div>\n\t\t\t\t\t\t<\/div>\n\t\t\t\t<\/div>\n\t\t\t\t\t\t<\/div>\n\t\t\t\t\t<\/div>\n\t\t<\/div>\n\t\t\t\t\t\t\t\t<\/div>\n\t\t\t\t\t<\/div>\n\t\t<\/section>\n\t\t\t\t<section class=\"ob-is-breaking-bad elementor-section elementor-top-section elementor-element elementor-element-ee20c3e elementor-section-boxed elementor-section-height-default elementor-section-height-default\" data-id=\"ee20c3e\" data-element_type=\"section\" data-settings=\"{&quot;_ob_bbad_use_it&quot;:&quot;yes&quot;,&quot;_ob_bbad_sssic_use&quot;:&quot;no&quot;,&quot;_ob_glider_is_slider&quot;:&quot;no&quot;}\">\n\t\t\t\t\t\t<div class=\"elementor-container elementor-column-gap-default\">\n\t\t\t\t\t\t\t<div class=\"elementor-row\">\n\t\t\t\t\t<div class=\"elementor-column elementor-col-100 elementor-top-column elementor-element elementor-element-6fc1966\" data-id=\"6fc1966\" data-element_type=\"column\" data-settings=\"{&quot;_ob_bbad_is_stalker&quot;:&quot;no&quot;,&quot;_ob_teleporter_use&quot;:false,&quot;_ob_column_hoveranimator&quot;:&quot;no&quot;,&quot;_ob_column_has_pseudo&quot;:&quot;no&quot;}\">\n\t\t\t<div class=\"elementor-column-wrap elementor-element-populated\">\n\t\t\t\t\t\t\t<div class=\"elementor-widget-wrap\">\n\t\t\t\t\t\t<div class=\"elementor-element elementor-element-ac1ffae ob-has-background-overlay elementor-widget elementor-widget-gallery\" data-id=\"ac1ffae\" data-element_type=\"widget\" data-settings=\"{&quot;lazyload&quot;:&quot;yes&quot;,&quot;gallery_layout&quot;:&quot;grid&quot;,&quot;columns&quot;:4,&quot;columns_tablet&quot;:2,&quot;columns_mobile&quot;:1,&quot;gap&quot;:{&quot;unit&quot;:&quot;px&quot;,&quot;size&quot;:10,&quot;sizes&quot;:[]},&quot;gap_tablet&quot;:{&quot;unit&quot;:&quot;px&quot;,&quot;size&quot;:10,&quot;sizes&quot;:[]},&quot;gap_mobile&quot;:{&quot;unit&quot;:&quot;px&quot;,&quot;size&quot;:10,&quot;sizes&quot;:[]},&quot;link_to&quot;:&quot;file&quot;,&quot;aspect_ratio&quot;:&quot;3:2&quot;,&quot;overlay_background&quot;:&quot;yes&quot;,&quot;content_hover_animation&quot;:&quot;fade-in&quot;,&quot;_ob_perspektive_use&quot;:&quot;no&quot;,&quot;_ob_poopart_use&quot;:&quot;yes&quot;,&quot;_ob_shadough_use&quot;:&quot;no&quot;,&quot;_ob_allow_hoveranimator&quot;:&quot;no&quot;,&quot;_ob_widget_stalker_use&quot;:&quot;no&quot;}\" data-widget_type=\"gallery.default\">\n\t\t\t\t<div class=\"elementor-widget-container\">\n\t\t\t\t\t<div class=\"elementor-gallery__container\">\n\t\t\t\t\t\t\t<a class=\"e-gallery-item elementor-gallery-item elementor-animated-content\" href=\"https:\/\/www.schwarz.it\/wp-content\/uploads\/2024\/08\/Abrissfete-2024-23-1-1-scaled.jpg\" data-elementor-open-lightbox=\"yes\" data-elementor-lightbox-slideshow=\"all-ac1ffae\" data-elementor-lightbox-title=\"La prima scavata \u00e9 stata fatta!\" e-action-hash=\"#elementor-action%3Aaction%3Dlightbox%26settings%3DeyJpZCI6MTcwNjcsInVybCI6Imh0dHBzOlwvXC93d3cuc2Nod2Fyei5pdFwvd3AtY29udGVudFwvdXBsb2Fkc1wvMjAyNFwvMDhcL0Ficmlzc2ZldGUtMjAyNC0yMy0xLTEtc2NhbGVkLmpwZyIsInNsaWRlc2hvdyI6ImFsbC1hYzFmZmFlIn0%3D\">\n\t\t\t\t\t<div class=\"e-gallery-image elementor-gallery-item__image\" data-thumbnail=\"https:\/\/www.schwarz.it\/wp-content\/uploads\/2024\/08\/Abrissfete-2024-23-1-1-225x300.jpg\" data-width=\"225\" data-height=\"300\" alt=\"\" ><\/div>\n\t\t\t\t\t\t\t\t\t\t\t<div class=\"elementor-gallery-item__overlay\"><\/div>\n\t\t\t\t\t\t\t\t\t\t\t\t\t\t<\/a>\n\t\t\t\t\t\t\t<a class=\"e-gallery-item elementor-gallery-item elementor-animated-content\" href=\"https:\/\/www.schwarz.it\/wp-content\/uploads\/2024\/08\/2024.07.30-Abbruch-3-scaled.jpg\" data-elementor-open-lightbox=\"yes\" data-elementor-lightbox-slideshow=\"all-ac1ffae\" data-elementor-lightbox-title=\"Demolizione del vecchio capannone!\" e-action-hash=\"#elementor-action%3Aaction%3Dlightbox%26settings%3DeyJpZCI6MTcwODIsInVybCI6Imh0dHBzOlwvXC93d3cuc2Nod2Fyei5pdFwvd3AtY29udGVudFwvdXBsb2Fkc1wvMjAyNFwvMDhcLzIwMjQuMDcuMzAtQWJicnVjaC0zLXNjYWxlZC5qcGciLCJzbGlkZXNob3ciOiJhbGwtYWMxZmZhZSJ9\">\n\t\t\t\t\t<div class=\"e-gallery-image elementor-gallery-item__image\" data-thumbnail=\"https:\/\/www.schwarz.it\/wp-content\/uploads\/2024\/08\/2024.07.30-Abbruch-3-300x225.jpg\" data-width=\"300\" data-height=\"225\" alt=\"\" ><\/div>\n\t\t\t\t\t\t\t\t\t\t\t<div class=\"elementor-gallery-item__overlay\"><\/div>\n\t\t\t\t\t\t\t\t\t\t\t\t\t\t<\/a>\n\t\t\t\t\t\t\t<a class=\"e-gallery-item elementor-gallery-item elementor-animated-content\" href=\"https:\/\/www.schwarz.it\/wp-content\/uploads\/2024\/08\/2024.08.05-Abbruch-2-scaled.jpg\" data-elementor-open-lightbox=\"yes\" data-elementor-lightbox-slideshow=\"all-ac1ffae\" data-elementor-lightbox-title=\"Lo scavo ha iniziato!\" e-action-hash=\"#elementor-action%3Aaction%3Dlightbox%26settings%3DeyJpZCI6MTcwODQsInVybCI6Imh0dHBzOlwvXC93d3cuc2Nod2Fyei5pdFwvd3AtY29udGVudFwvdXBsb2Fkc1wvMjAyNFwvMDhcLzIwMjQuMDguMDUtQWJicnVjaC0yLXNjYWxlZC5qcGciLCJzbGlkZXNob3ciOiJhbGwtYWMxZmZhZSJ9\">\n\t\t\t\t\t<div class=\"e-gallery-image elementor-gallery-item__image\" data-thumbnail=\"https:\/\/www.schwarz.it\/wp-content\/uploads\/2024\/08\/2024.08.05-Abbruch-2-300x169.jpg\" data-width=\"300\" data-height=\"169\" alt=\"\" ><\/div>\n\t\t\t\t\t\t\t\t\t\t\t<div class=\"elementor-gallery-item__overlay\"><\/div>\n\t\t\t\t\t\t\t\t\t\t\t\t\t\t<\/a>\n\t\t\t\t\t\t\t<a class=\"e-gallery-item elementor-gallery-item elementor-animated-content\" href=\"https:\/\/www.schwarz.it\/wp-content\/uploads\/2024\/08\/Projekt-Halle-Schwarz.jpg\" data-elementor-open-lightbox=\"yes\" data-elementor-lightbox-slideshow=\"all-ac1ffae\" data-elementor-lightbox-title=\"Progetto - nuovo capannone\" e-action-hash=\"#elementor-action%3Aaction%3Dlightbox%26settings%3DeyJpZCI6MTcwODYsInVybCI6Imh0dHBzOlwvXC93d3cuc2Nod2Fyei5pdFwvd3AtY29udGVudFwvdXBsb2Fkc1wvMjAyNFwvMDhcL1Byb2pla3QtSGFsbGUtU2Nod2Fyei5qcGciLCJzbGlkZXNob3ciOiJhbGwtYWMxZmZhZSJ9\">\n\t\t\t\t\t<div class=\"e-gallery-image elementor-gallery-item__image\" data-thumbnail=\"https:\/\/www.schwarz.it\/wp-content\/uploads\/2024\/08\/Projekt-Halle-Schwarz-203x300.jpg\" data-width=\"203\" data-height=\"300\" alt=\"\" ><\/div>\n\t\t\t\t\t\t\t\t\t\t\t<div class=\"elementor-gallery-item__overlay\"><\/div>\n\t\t\t\t\t\t\t\t\t\t\t\t\t\t<\/a>\n\t\t\t\t\t<\/div>\n\t\t\t<\/div>\n\t\t\t\t<\/div>\n\t\t\t\t\t\t<\/div>\n\t\t\t\t\t<\/div>\n\t\t<\/div>\n\t\t\t\t\t\t\t\t<\/div>\n\t\t\t\t\t<\/div>\n\t\t<\/section>\n\t\t\t\t\t\t\t\t\t<\/div>\n\t\t\t<\/div>\n\t\t\t\t\t<\/div>\n\t\t","protected":false},"excerpt":{"rendered":"<p>\u00a0 Con grande gioia annunciamo che \u00e8 iniziato lo scavo per il rinnovo del nostro capannone! Questo evento segna l&#8217;inizio di un nuovo ed entusiasmante capitolo per la nostra azienda. Abbiamo deciso di intraprendere una completa ristrutturazione e ampliamento del nostro capannone produttivo. Questo richiede la demolizione di una parte della vecchia struttura ed il [&hellip;]<\/p>\n","protected":false},"author":2,"featured_media":17062,"comment_status":"open","ping_status":"open","sticky":false,"template":"","format":"standard","meta":{"inline_featured_image":false},"categories":[52],"tags":[],"acf":[],"yoast_head":"<!-- This site is optimized with the Yoast SEO plugin v19.8 - https:\/\/yoast.com\/wordpress\/plugins\/seo\/ -->\n<title>La ristrutturazione del nostro capannone \u00e9 iniziata! - Schwarz GmbH<\/title>\n<meta name=\"description\" content=\"Con grande gioia annunciamo che \u00e8 iniziato lo scavo per il rinnovo del nostro capannone - che la ristrutturazione abbia inizio!\" \/>\n<meta name=\"robots\" content=\"index, follow, max-snippet:-1, max-image-preview:large, max-video-preview:-1\" \/>\n<link rel=\"canonical\" href=\"https:\/\/www.schwarz.it\/it\/ristrutturazione-del-capannone-e-iniziata\/\" \/>\n<meta name=\"twitter:label1\" content=\"Scritto da\" \/>\n\t<meta name=\"twitter:data1\" content=\"Schwarz\" \/>\n\t<meta name=\"twitter:label2\" content=\"Tempo di lettura stimato\" \/>\n\t<meta name=\"twitter:data2\" content=\"1 minuto\" \/>\n<script type=\"application\/ld+json\" class=\"yoast-schema-graph\">{\"@context\":\"https:\/\/schema.org\",\"@graph\":[{\"@type\":\"Article\",\"@id\":\"https:\/\/www.schwarz.it\/it\/ristrutturazione-del-capannone-e-iniziata\/#article\",\"isPartOf\":{\"@id\":\"https:\/\/www.schwarz.it\/it\/ristrutturazione-del-capannone-e-iniziata\/\"},\"author\":{\"name\":\"Schwarz\",\"@id\":\"https:\/\/www.schwarz.it\/#\/schema\/person\/8003c2923f94e7192ca12067f1b7f516\"},\"headline\":\"La ristrutturazione del nostro capannone \u00e9 iniziata!\",\"datePublished\":\"2024-08-07T09:11:48+00:00\",\"dateModified\":\"2024-08-08T09:36:55+00:00\",\"mainEntityOfPage\":{\"@id\":\"https:\/\/www.schwarz.it\/it\/ristrutturazione-del-capannone-e-iniziata\/\"},\"wordCount\":171,\"commentCount\":0,\"publisher\":{\"@id\":\"https:\/\/www.schwarz.it\/#organization\"},\"articleSection\":[\"News\"],\"inLanguage\":\"it-IT\",\"potentialAction\":[{\"@type\":\"CommentAction\",\"name\":\"Comment\",\"target\":[\"https:\/\/www.schwarz.it\/it\/ristrutturazione-del-capannone-e-iniziata\/#respond\"]}]},{\"@type\":\"WebPage\",\"@id\":\"https:\/\/www.schwarz.it\/it\/ristrutturazione-del-capannone-e-iniziata\/\",\"url\":\"https:\/\/www.schwarz.it\/it\/ristrutturazione-del-capannone-e-iniziata\/\",\"name\":\"La ristrutturazione del nostro capannone \u00e9 iniziata! - Schwarz GmbH\",\"isPartOf\":{\"@id\":\"https:\/\/www.schwarz.it\/#website\"},\"datePublished\":\"2024-08-07T09:11:48+00:00\",\"dateModified\":\"2024-08-08T09:36:55+00:00\",\"description\":\"Con grande gioia annunciamo che \u00e8 iniziato lo scavo per il rinnovo del nostro capannone - che la ristrutturazione abbia inizio!\",\"breadcrumb\":{\"@id\":\"https:\/\/www.schwarz.it\/it\/ristrutturazione-del-capannone-e-iniziata\/#breadcrumb\"},\"inLanguage\":\"it-IT\",\"potentialAction\":[{\"@type\":\"ReadAction\",\"target\":[\"https:\/\/www.schwarz.it\/it\/ristrutturazione-del-capannone-e-iniziata\/\"]}]},{\"@type\":\"BreadcrumbList\",\"@id\":\"https:\/\/www.schwarz.it\/it\/ristrutturazione-del-capannone-e-iniziata\/#breadcrumb\",\"itemListElement\":[{\"@type\":\"ListItem\",\"position\":1,\"name\":\"Startseite\",\"item\":\"https:\/\/www.schwarz.it\/it\/\"},{\"@type\":\"ListItem\",\"position\":2,\"name\":\"La ristrutturazione del nostro capannone \u00e9 iniziata!\"}]},{\"@type\":\"WebSite\",\"@id\":\"https:\/\/www.schwarz.it\/#website\",\"url\":\"https:\/\/www.schwarz.it\/\",\"name\":\"Schwarz GmbH\",\"description\":\"Anh\u00e4nger und Forstmaschinen\",\"publisher\":{\"@id\":\"https:\/\/www.schwarz.it\/#organization\"},\"potentialAction\":[{\"@type\":\"SearchAction\",\"target\":{\"@type\":\"EntryPoint\",\"urlTemplate\":\"https:\/\/www.schwarz.it\/?s={search_term_string}\"},\"query-input\":\"required name=search_term_string\"}],\"inLanguage\":\"it-IT\"},{\"@type\":\"Organization\",\"@id\":\"https:\/\/www.schwarz.it\/#organization\",\"name\":\"Schwarz GmbH\",\"url\":\"https:\/\/www.schwarz.it\/\",\"sameAs\":[\"https:\/\/www.instagram.com\/schwarz_trailers\/\",\"https:\/\/www.facebook.com\/schwarzanhaenger\"],\"logo\":{\"@type\":\"ImageObject\",\"inLanguage\":\"it-IT\",\"@id\":\"https:\/\/www.schwarz.it\/#\/schema\/logo\/image\/\",\"url\":\"https:\/\/www.schwarz.it\/wp-content\/uploads\/2022\/02\/Schwarz-Gmbh.svg\",\"contentUrl\":\"https:\/\/www.schwarz.it\/wp-content\/uploads\/2022\/02\/Schwarz-Gmbh.svg\",\"width\":329,\"height\":46,\"caption\":\"Schwarz GmbH\"},\"image\":{\"@id\":\"https:\/\/www.schwarz.it\/#\/schema\/logo\/image\/\"}},{\"@type\":\"Person\",\"@id\":\"https:\/\/www.schwarz.it\/#\/schema\/person\/8003c2923f94e7192ca12067f1b7f516\",\"name\":\"Schwarz\",\"image\":{\"@type\":\"ImageObject\",\"inLanguage\":\"it-IT\",\"@id\":\"https:\/\/www.schwarz.it\/#\/schema\/person\/image\/\",\"url\":\"https:\/\/secure.gravatar.com\/avatar\/40251c97026406030ba6a25dc5c2d32e?s=96&d=mm&r=g\",\"contentUrl\":\"https:\/\/secure.gravatar.com\/avatar\/40251c97026406030ba6a25dc5c2d32e?s=96&d=mm&r=g\",\"caption\":\"Schwarz\"},\"sameAs\":[\"https:\/\/twitter.com\/info_wl6xd63r\"],\"url\":\"https:\/\/www.schwarz.it\/it\/author\/schwarzgmbh\/\"}]}<\/script>\n<!-- \/ Yoast SEO plugin. -->","yoast_head_json":{"title":"La ristrutturazione del nostro capannone \u00e9 iniziata! - Schwarz GmbH","description":"Con grande gioia annunciamo che \u00e8 iniziato lo scavo per il rinnovo del nostro capannone - che la ristrutturazione abbia inizio!","robots":{"index":"index","follow":"follow","max-snippet":"max-snippet:-1","max-image-preview":"max-image-preview:large","max-video-preview":"max-video-preview:-1"},"canonical":"https:\/\/www.schwarz.it\/it\/ristrutturazione-del-capannone-e-iniziata\/","twitter_misc":{"Scritto da":"Schwarz","Tempo di lettura stimato":"1 minuto"},"schema":{"@context":"https:\/\/schema.org","@graph":[{"@type":"Article","@id":"https:\/\/www.schwarz.it\/it\/ristrutturazione-del-capannone-e-iniziata\/#article","isPartOf":{"@id":"https:\/\/www.schwarz.it\/it\/ristrutturazione-del-capannone-e-iniziata\/"},"author":{"name":"Schwarz","@id":"https:\/\/www.schwarz.it\/#\/schema\/person\/8003c2923f94e7192ca12067f1b7f516"},"headline":"La ristrutturazione del nostro capannone \u00e9 iniziata!","datePublished":"2024-08-07T09:11:48+00:00","dateModified":"2024-08-08T09:36:55+00:00","mainEntityOfPage":{"@id":"https:\/\/www.schwarz.it\/it\/ristrutturazione-del-capannone-e-iniziata\/"},"wordCount":171,"commentCount":0,"publisher":{"@id":"https:\/\/www.schwarz.it\/#organization"},"articleSection":["News"],"inLanguage":"it-IT","potentialAction":[{"@type":"CommentAction","name":"Comment","target":["https:\/\/www.schwarz.it\/it\/ristrutturazione-del-capannone-e-iniziata\/#respond"]}]},{"@type":"WebPage","@id":"https:\/\/www.schwarz.it\/it\/ristrutturazione-del-capannone-e-iniziata\/","url":"https:\/\/www.schwarz.it\/it\/ristrutturazione-del-capannone-e-iniziata\/","name":"La ristrutturazione del nostro capannone \u00e9 iniziata! - Schwarz GmbH","isPartOf":{"@id":"https:\/\/www.schwarz.it\/#website"},"datePublished":"2024-08-07T09:11:48+00:00","dateModified":"2024-08-08T09:36:55+00:00","description":"Con grande gioia annunciamo che \u00e8 iniziato lo scavo per il rinnovo del nostro capannone - che la ristrutturazione abbia inizio!","breadcrumb":{"@id":"https:\/\/www.schwarz.it\/it\/ristrutturazione-del-capannone-e-iniziata\/#breadcrumb"},"inLanguage":"it-IT","potentialAction":[{"@type":"ReadAction","target":["https:\/\/www.schwarz.it\/it\/ristrutturazione-del-capannone-e-iniziata\/"]}]},{"@type":"BreadcrumbList","@id":"https:\/\/www.schwarz.it\/it\/ristrutturazione-del-capannone-e-iniziata\/#breadcrumb","itemListElement":[{"@type":"ListItem","position":1,"name":"Startseite","item":"https:\/\/www.schwarz.it\/it\/"},{"@type":"ListItem","position":2,"name":"La ristrutturazione del nostro capannone \u00e9 iniziata!"}]},{"@type":"WebSite","@id":"https:\/\/www.schwarz.it\/#website","url":"https:\/\/www.schwarz.it\/","name":"Schwarz GmbH","description":"Anh\u00e4nger und Forstmaschinen","publisher":{"@id":"https:\/\/www.schwarz.it\/#organization"},"potentialAction":[{"@type":"SearchAction","target":{"@type":"EntryPoint","urlTemplate":"https:\/\/www.schwarz.it\/?s={search_term_string}"},"query-input":"required name=search_term_string"}],"inLanguage":"it-IT"},{"@type":"Organization","@id":"https:\/\/www.schwarz.it\/#organization","name":"Schwarz GmbH","url":"https:\/\/www.schwarz.it\/","sameAs":["https:\/\/www.instagram.com\/schwarz_trailers\/","https:\/\/www.facebook.com\/schwarzanhaenger"],"logo":{"@type":"ImageObject","inLanguage":"it-IT","@id":"https:\/\/www.schwarz.it\/#\/schema\/logo\/image\/","url":"https:\/\/www.schwarz.it\/wp-content\/uploads\/2022\/02\/Schwarz-Gmbh.svg","contentUrl":"https:\/\/www.schwarz.it\/wp-content\/uploads\/2022\/02\/Schwarz-Gmbh.svg","width":329,"height":46,"caption":"Schwarz GmbH"},"image":{"@id":"https:\/\/www.schwarz.it\/#\/schema\/logo\/image\/"}},{"@type":"Person","@id":"https:\/\/www.schwarz.it\/#\/schema\/person\/8003c2923f94e7192ca12067f1b7f516","name":"Schwarz","image":{"@type":"ImageObject","inLanguage":"it-IT","@id":"https:\/\/www.schwarz.it\/#\/schema\/person\/image\/","url":"https:\/\/secure.gravatar.com\/avatar\/40251c97026406030ba6a25dc5c2d32e?s=96&d=mm&r=g","contentUrl":"https:\/\/secure.gravatar.com\/avatar\/40251c97026406030ba6a25dc5c2d32e?s=96&d=mm&r=g","caption":"Schwarz"},"sameAs":["https:\/\/twitter.com\/info_wl6xd63r"],"url":"https:\/\/www.schwarz.it\/it\/author\/schwarzgmbh\/"}]}},"_links":{"self":[{"href":"https:\/\/www.schwarz.it\/it\/wp-json\/wp\/v2\/posts\/17060"}],"collection":[{"href":"https:\/\/www.schwarz.it\/it\/wp-json\/wp\/v2\/posts"}],"about":[{"href":"https:\/\/www.schwarz.it\/it\/wp-json\/wp\/v2\/types\/post"}],"author":[{"embeddable":true,"href":"https:\/\/www.schwarz.it\/it\/wp-json\/wp\/v2\/users\/2"}],"replies":[{"embeddable":true,"href":"https:\/\/www.schwarz.it\/it\/wp-json\/wp\/v2\/comments?post=17060"}],"version-history":[{"count":36,"href":"https:\/\/www.schwarz.it\/it\/wp-json\/wp\/v2\/posts\/17060\/revisions"}],"predecessor-version":[{"id":17138,"href":"https:\/\/www.schwarz.it\/it\/wp-json\/wp\/v2\/posts\/17060\/revisions\/17138"}],"wp:featuredmedia":[{"embeddable":true,"href":"https:\/\/www.schwarz.it\/it\/wp-json\/wp\/v2\/media\/17062"}],"wp:attachment":[{"href":"https:\/\/www.schwarz.it\/it\/wp-json\/wp\/v2\/media?parent=17060"}],"wp:term":[{"taxonomy":"category","embeddable":true,"href":"https:\/\/www.schwarz.it\/it\/wp-json\/wp\/v2\/categories?post=17060"},{"taxonomy":"post_tag","embeddable":true,"href":"https:\/\/www.schwarz.it\/it\/wp-json\/wp\/v2\/tags?post=17060"}],"curies":[{"name":"wp","href":"https:\/\/api.w.org\/{rel}","templated":true}]}}